{"id":10533,"date":"2025-01-16T16:44:24","date_gmt":"2025-01-16T19:44:24","guid":{"rendered":"https:\/\/laserenaradio.cl\/web\/?p=10533"},"modified":"2025-01-16T16:44:24","modified_gmt":"2025-01-16T19:44:24","slug":"kast-denuncia-que-reforma-de-pensiones-es-como-una-bomba-atomica-para-el-emprendimiento-en-el-pais","status":"publish","type":"post","link":"https:\/\/laserenaradio.cl\/web\/2025\/01\/16\/kast-denuncia-que-reforma-de-pensiones-es-como-una-bomba-atomica-para-el-emprendimiento-en-el-pais\/","title":{"rendered":"Kast denuncia que reforma de pensiones es como una \u201cbomba at\u00f3mica\u201d para el emprendimiento en el pa\u00eds"},"content":{"rendered":"<p><b>El candidato presidencial por el Partido Republicano, Jos\u00e9 Antonio Kast, ha criticado la reforma de pensiones en curso en Chile<\/b><!--more-->.<\/p>\n<p>Se\u00f1al\u00f3 que es como una &#8220;bomba at\u00f3mica&#8221; para el emprendimiento y el crecimiento econ\u00f3mico del pa\u00eds, ya que supondr\u00eda una carga adicional a la creaci\u00f3n de empleo.<\/p>\n<p>Adem\u00e1s, acus\u00f3 al Ejecutivo de enga\u00f1ar a la ciudadan\u00eda sobre el destino del 6% de cotizaci\u00f3n adicional, afirmando que solo un 4,5% ir\u00e1 a la cuenta de pensiones y que el resto ser\u00e1 un pr\u00e9stamo al Estado con una devoluci\u00f3n en 20 o 25 a\u00f1os.<\/p>\n<p>Kast inst\u00f3 a otros candidatos presidenciales y parlamentarios a reflexionar sobre la materia y analizar si la reforma le har\u00e1 bien o mal a Chile.<\/p>\n","protected":false},"excerpt":{"rendered":"<p>El candidato presidencial por el Partido Republicano, Jos\u00e9 Antonio Kast, ha criticado la reforma de pensiones en curso en Chile<\/p>\n","protected":false},"author":2,"featured_media":10532,"comment_status":"closed","ping_status":"open","sticky":false,"template":"","format":"standard","meta":{"_jetpack_memberships_contains_paid_content":false,"jnews-multi-image_gallery":[],"jnews_single_post":[],"jnews_primary_category":[],"jnews_social_meta":[],"jnews_paywall_metabox":[],"jnews_review":[],"enable_review":"","type":"","name":"","summary":"","brand":"","sku":"","good":[],"bad":[],"score_override":"","override_value":"","rating":[],"price":[],"jnews_override_counter":[],"jnews_post_split":[],"footnotes":""},"categories":[83],"tags":[],"class_list":["post-10533","post","type-post","status-publish","format-standard","has-post-thumbnail","hentry","category-politica"],"jetpack_featured_media_url":"https:\/\/laserenaradio.cl\/web\/wp-content\/uploads\/2025\/01\/homepiaiextractoscrapimg_webpKastreforma_1.webp","jetpack_sharing_enabled":true,"_links":{"self":[{"href":"https:\/\/laserenaradio.cl\/web\/wp-json\/wp\/v2\/posts\/10533","targetHints":{"allow":["GET"]}}],"collection":[{"href":"https:\/\/laserenaradio.cl\/web\/wp-json\/wp\/v2\/posts"}],"about":[{"href":"https:\/\/laserenaradio.cl\/web\/wp-json\/wp\/v2\/types\/post"}],"author":[{"embeddable":true,"href":"https:\/\/laserenaradio.cl\/web\/wp-json\/wp\/v2\/users\/2"}],"replies":[{"embeddable":true,"href":"https:\/\/laserenaradio.cl\/web\/wp-json\/wp\/v2\/comments?post=10533"}],"version-history":[{"count":1,"href":"https:\/\/laserenaradio.cl\/web\/wp-json\/wp\/v2\/posts\/10533\/revisions"}],"predecessor-version":[{"id":10534,"href":"https:\/\/laserenaradio.cl\/web\/wp-json\/wp\/v2\/posts\/10533\/revisions\/10534"}],"wp:featuredmedia":[{"embeddable":true,"href":"https:\/\/laserenaradio.cl\/web\/wp-json\/wp\/v2\/media\/10532"}],"wp:attachment":[{"href":"https:\/\/laserenaradio.cl\/web\/wp-json\/wp\/v2\/media?parent=10533"}],"wp:term":[{"taxonomy":"category","embeddable":true,"href":"https:\/\/laserenaradio.cl\/web\/wp-json\/wp\/v2\/categories?post=10533"},{"taxonomy":"post_tag","embeddable":true,"href":"https:\/\/laserenaradio.cl\/web\/wp-json\/wp\/v2\/tags?post=10533"}],"curies":[{"name":"wp","href":"https:\/\/api.w.org\/{rel}","templated":true}]}}