{"id":10521,"date":"2025-01-16T13:34:19","date_gmt":"2025-01-16T16:34:19","guid":{"rendered":"https:\/\/laserenaradio.cl\/web\/?p=10521"},"modified":"2025-01-16T13:34:19","modified_gmt":"2025-01-16T16:34:19","slug":"carolina-toha-se-refirio-a-los-atentados-en-la-araucania-y-rechazo-ataques-incendiarios","status":"publish","type":"post","link":"https:\/\/laserenaradio.cl\/web\/2025\/01\/16\/carolina-toha-se-refirio-a-los-atentados-en-la-araucania-y-rechazo-ataques-incendiarios\/","title":{"rendered":"Carolina Toh\u00e1 se refiri\u00f3 a los atentados en La Araucan\u00eda y rechaz\u00f3 ataques incendiarios"},"content":{"rendered":"<p><b>La ministra del Interior, Carolina Toh\u00e1, visit\u00f3 la regi\u00f3n de La Araucan\u00eda luego de dos ataques incendiarios y una carabinera result\u00f3 herida por perdigones en Victoria<\/b><!--more-->.<\/p>\n<p>Toh\u00e1 confirm\u00f3 que visitar\u00e1 a la carabinera herida y mencion\u00f3 que <a href=\"https:\/\/www.carabineros.cl\/\">Carabineros<\/a> realiza investigaciones internas para determinar si se cumplieron los protocolos en cada incidente de violencia.<\/p>\n<p>La ministra relacion\u00f3 estos ataques con procesos judiciales en curso, como el juicio a 17 comuneros por el secuestro de gendarmes en Angol.<\/p>\n<p>Toh\u00e1 destac\u00f3 que estos atentados son un golpe para aquellos que buscan la paz y record\u00f3 que 2024 fue el a\u00f1o con menor n\u00famero de hechos violentos en la regi\u00f3n.<\/p>\n","protected":false},"excerpt":{"rendered":"<p>La ministra del Interior, Carolina Toh\u00e1, visit\u00f3 la regi\u00f3n de La Araucan\u00eda luego de dos ataques incendiarios y una carabinera result\u00f3 herida por perdigones en Victoria<\/p>\n","protected":false},"author":2,"featured_media":10520,"comment_status":"closed","ping_status":"open","sticky":false,"template":"","format":"standard","meta":{"_jetpack_memberships_contains_paid_content":false,"jnews-multi-image_gallery":[],"jnews_single_post":[],"jnews_primary_category":[],"jnews_social_meta":[],"jnews_paywall_metabox":[],"jnews_review":[],"enable_review":"","type":"","name":"","summary":"","brand":"","sku":"","good":[],"bad":[],"score_override":"","override_value":"","rating":[],"price":[],"jnews_override_counter":[],"jnews_post_split":[],"footnotes":""},"categories":[83],"tags":[],"class_list":["post-10521","post","type-post","status-publish","format-standard","has-post-thumbnail","hentry","category-politica"],"jetpack_featured_media_url":"https:\/\/laserenaradio.cl\/web\/wp-content\/uploads\/2025\/01\/homepiaiextractoscrapimg_webpministraataquesInteriorCarolina_0.webp","jetpack_sharing_enabled":true,"_links":{"self":[{"href":"https:\/\/laserenaradio.cl\/web\/wp-json\/wp\/v2\/posts\/10521","targetHints":{"allow":["GET"]}}],"collection":[{"href":"https:\/\/laserenaradio.cl\/web\/wp-json\/wp\/v2\/posts"}],"about":[{"href":"https:\/\/laserenaradio.cl\/web\/wp-json\/wp\/v2\/types\/post"}],"author":[{"embeddable":true,"href":"https:\/\/laserenaradio.cl\/web\/wp-json\/wp\/v2\/users\/2"}],"replies":[{"embeddable":true,"href":"https:\/\/laserenaradio.cl\/web\/wp-json\/wp\/v2\/comments?post=10521"}],"version-history":[{"count":1,"href":"https:\/\/laserenaradio.cl\/web\/wp-json\/wp\/v2\/posts\/10521\/revisions"}],"predecessor-version":[{"id":10522,"href":"https:\/\/laserenaradio.cl\/web\/wp-json\/wp\/v2\/posts\/10521\/revisions\/10522"}],"wp:featuredmedia":[{"embeddable":true,"href":"https:\/\/laserenaradio.cl\/web\/wp-json\/wp\/v2\/media\/10520"}],"wp:attachment":[{"href":"https:\/\/laserenaradio.cl\/web\/wp-json\/wp\/v2\/media?parent=10521"}],"wp:term":[{"taxonomy":"category","embeddable":true,"href":"https:\/\/laserenaradio.cl\/web\/wp-json\/wp\/v2\/categories?post=10521"},{"taxonomy":"post_tag","embeddable":true,"href":"https:\/\/laserenaradio.cl\/web\/wp-json\/wp\/v2\/tags?post=10521"}],"curies":[{"name":"wp","href":"https:\/\/api.w.org\/{rel}","templated":true}]}}