{"id":10511,"date":"2025-01-16T13:14:28","date_gmt":"2025-01-16T16:14:28","guid":{"rendered":"https:\/\/laserenaradio.cl\/web\/?p=10511"},"modified":"2025-01-16T13:14:28","modified_gmt":"2025-01-16T16:14:28","slug":"guillermo-ramirez-ataca-duramente-al-partido-republicano-por-no-participar-en-el-dialogo-sobre-reforma-de-pensiones","status":"publish","type":"post","link":"https:\/\/laserenaradio.cl\/web\/2025\/01\/16\/guillermo-ramirez-ataca-duramente-al-partido-republicano-por-no-participar-en-el-dialogo-sobre-reforma-de-pensiones\/","title":{"rendered":"Guillermo Ram\u00edrez ataca duramente al Partido Republicano por no participar en el di\u00e1logo sobre reforma de pensiones"},"content":{"rendered":"<p><b>El presidente del partido UDI, Guillermo Ram\u00edrez, ha cuestionado al Partido Republicano por no haber participado en las negociaciones para la reforma de pensiones<\/b><!--more-->.<\/p>\n<p>Ram\u00edrez consider\u00f3 que la acci\u00f3n de los republicanos fue &#8220;mezquina&#8221; y dijo que deber\u00edan haber reconocido su error por no unirse a las conversaciones.<\/p>\n<p>Adem\u00e1s, Ram\u00edrez se refiri\u00f3 al proyecto de reforma constitucional presentado por parlamentarios oficialistas para plebiscitar la continuidad de las Administradoras de Fondos de Pensiones (AFP), calific\u00e1ndolo de &#8220;absurdo&#8221;.<\/p>\n","protected":false},"excerpt":{"rendered":"<p>El presidente del partido UDI, Guillermo Ram\u00edrez, ha cuestionado al Partido Republicano por no haber participado en las negociaciones para la reforma de pensiones<\/p>\n","protected":false},"author":2,"featured_media":9077,"comment_status":"closed","ping_status":"open","sticky":false,"template":"","format":"standard","meta":{"_jetpack_memberships_contains_paid_content":false,"jnews-multi-image_gallery":[],"jnews_single_post":[],"jnews_primary_category":[],"jnews_social_meta":[],"jnews_paywall_metabox":[],"jnews_review":[],"enable_review":"","type":"","name":"","summary":"","brand":"","sku":"","good":[],"bad":[],"score_override":"","override_value":"","rating":[],"price":[],"jnews_override_counter":[],"jnews_post_split":[],"footnotes":""},"categories":[83],"tags":[],"class_list":["post-10511","post","type-post","status-publish","format-standard","has-post-thumbnail","hentry","category-politica"],"jetpack_featured_media_url":"https:\/\/laserenaradio.cl\/web\/wp-content\/uploads\/2024\/12\/laserenaradio_politica.webp","jetpack_sharing_enabled":true,"_links":{"self":[{"href":"https:\/\/laserenaradio.cl\/web\/wp-json\/wp\/v2\/posts\/10511","targetHints":{"allow":["GET"]}}],"collection":[{"href":"https:\/\/laserenaradio.cl\/web\/wp-json\/wp\/v2\/posts"}],"about":[{"href":"https:\/\/laserenaradio.cl\/web\/wp-json\/wp\/v2\/types\/post"}],"author":[{"embeddable":true,"href":"https:\/\/laserenaradio.cl\/web\/wp-json\/wp\/v2\/users\/2"}],"replies":[{"embeddable":true,"href":"https:\/\/laserenaradio.cl\/web\/wp-json\/wp\/v2\/comments?post=10511"}],"version-history":[{"count":1,"href":"https:\/\/laserenaradio.cl\/web\/wp-json\/wp\/v2\/posts\/10511\/revisions"}],"predecessor-version":[{"id":10512,"href":"https:\/\/laserenaradio.cl\/web\/wp-json\/wp\/v2\/posts\/10511\/revisions\/10512"}],"wp:featuredmedia":[{"embeddable":true,"href":"https:\/\/laserenaradio.cl\/web\/wp-json\/wp\/v2\/media\/9077"}],"wp:attachment":[{"href":"https:\/\/laserenaradio.cl\/web\/wp-json\/wp\/v2\/media?parent=10511"}],"wp:term":[{"taxonomy":"category","embeddable":true,"href":"https:\/\/laserenaradio.cl\/web\/wp-json\/wp\/v2\/categories?post=10511"},{"taxonomy":"post_tag","embeddable":true,"href":"https:\/\/laserenaradio.cl\/web\/wp-json\/wp\/v2\/tags?post=10511"}],"curies":[{"name":"wp","href":"https:\/\/api.w.org\/{rel}","templated":true}]}}