{"id":10506,"date":"2025-01-16T12:24:46","date_gmt":"2025-01-16T15:24:46","guid":{"rendered":"https:\/\/laserenaradio.cl\/web\/?p=10506"},"modified":"2025-01-16T12:24:46","modified_gmt":"2025-01-16T15:24:46","slug":"un-nuevo-cambio-se-registra-al-interior-del-ministerio-de-bienes-nacionales-tras-fallida-compra-de-la-casa-de-allende","status":"publish","type":"post","link":"https:\/\/laserenaradio.cl\/web\/2025\/01\/16\/un-nuevo-cambio-se-registra-al-interior-del-ministerio-de-bienes-nacionales-tras-fallida-compra-de-la-casa-de-allende\/","title":{"rendered":"Un nuevo cambio se registra al interior del Ministerio de Bienes Nacionales tras fallida compra de la casa de Allende"},"content":{"rendered":"<p><b>Debido a una situaci\u00f3n relacionada con la compra fallida del expresidente Salvador Allende, hubo cambios importantes dentro del <a href=\"http:\/\/www.bienesnacionales.cl\/\">Ministerio de Bienes Nacionales<\/a><\/b><!--more-->.<\/p>\n<p>El Presidente Gabriel Boric pidi\u00f3 la renuncia a Marcela Sandoval como ministra y Francisco Figueroa tom\u00f3 su lugar.<\/p>\n<p>Ahora, hay otro cambio: Macarena Diez, la jefa anterior de la Divisi\u00f3n Jur\u00eddica del ministerio, present\u00f3 su renuncia efectiva al d\u00eda siguiente de esta noticia, pero seguir\u00e1 trabajando en el ministerio.<\/p>\n<p>Reemplaz\u00e1ndola est\u00e1 Mar\u00eda Jos\u00e9 Armisen como nueva jefa de esa divisi\u00f3n.<\/p>\n","protected":false},"excerpt":{"rendered":"<p>Debido a una situaci\u00f3n relacionada con la compra fallida del expresidente Salvador Allende, hubo cambios importantes dentro del Ministerio de Bienes Nacionales<\/p>\n","protected":false},"author":2,"featured_media":9078,"comment_status":"closed","ping_status":"open","sticky":false,"template":"","format":"standard","meta":{"_jetpack_memberships_contains_paid_content":false,"jnews-multi-image_gallery":[],"jnews_single_post":[],"jnews_primary_category":[],"jnews_social_meta":[],"jnews_paywall_metabox":[],"jnews_review":[],"enable_review":"","type":"","name":"","summary":"","brand":"","sku":"","good":[],"bad":[],"score_override":"","override_value":"","rating":[],"price":[],"jnews_override_counter":[],"jnews_post_split":[],"footnotes":""},"categories":[83],"tags":[],"class_list":["post-10506","post","type-post","status-publish","format-standard","has-post-thumbnail","hentry","category-politica"],"jetpack_featured_media_url":"https:\/\/laserenaradio.cl\/web\/wp-content\/uploads\/2024\/12\/laserenaradio_ultimo_minuto.webp","jetpack_sharing_enabled":true,"_links":{"self":[{"href":"https:\/\/laserenaradio.cl\/web\/wp-json\/wp\/v2\/posts\/10506","targetHints":{"allow":["GET"]}}],"collection":[{"href":"https:\/\/laserenaradio.cl\/web\/wp-json\/wp\/v2\/posts"}],"about":[{"href":"https:\/\/laserenaradio.cl\/web\/wp-json\/wp\/v2\/types\/post"}],"author":[{"embeddable":true,"href":"https:\/\/laserenaradio.cl\/web\/wp-json\/wp\/v2\/users\/2"}],"replies":[{"embeddable":true,"href":"https:\/\/laserenaradio.cl\/web\/wp-json\/wp\/v2\/comments?post=10506"}],"version-history":[{"count":1,"href":"https:\/\/laserenaradio.cl\/web\/wp-json\/wp\/v2\/posts\/10506\/revisions"}],"predecessor-version":[{"id":10507,"href":"https:\/\/laserenaradio.cl\/web\/wp-json\/wp\/v2\/posts\/10506\/revisions\/10507"}],"wp:featuredmedia":[{"embeddable":true,"href":"https:\/\/laserenaradio.cl\/web\/wp-json\/wp\/v2\/media\/9078"}],"wp:attachment":[{"href":"https:\/\/laserenaradio.cl\/web\/wp-json\/wp\/v2\/media?parent=10506"}],"wp:term":[{"taxonomy":"category","embeddable":true,"href":"https:\/\/laserenaradio.cl\/web\/wp-json\/wp\/v2\/categories?post=10506"},{"taxonomy":"post_tag","embeddable":true,"href":"https:\/\/laserenaradio.cl\/web\/wp-json\/wp\/v2\/tags?post=10506"}],"curies":[{"name":"wp","href":"https:\/\/api.w.org\/{rel}","templated":true}]}}