{"id":10495,"date":"2025-01-16T10:34:52","date_gmt":"2025-01-16T13:34:52","guid":{"rendered":"https:\/\/laserenaradio.cl\/web\/?p=10495"},"modified":"2025-01-16T10:34:52","modified_gmt":"2025-01-16T13:34:52","slug":"marcel-asegura-que-la-reforma-previsional-tiene-un-antes-y-un-despues","status":"publish","type":"post","link":"https:\/\/laserenaradio.cl\/web\/2025\/01\/16\/marcel-asegura-que-la-reforma-previsional-tiene-un-antes-y-un-despues\/","title":{"rendered":"Marcel asegura que la reforma previsional tiene &#8220;un antes y un despu\u00e9s&#8221;"},"content":{"rendered":"<p><b>El ministro de Hacienda, Mario Marcel, ha expresado su satisfacci\u00f3n por la aprobaci\u00f3n un\u00e1nime del proyecto de reforma previsional en el Senado<\/b><!--more-->.<\/p>\n<p>Considera que este proyecto &#8220;marca un antes y un despu\u00e9s&#8221; y responde a las necesidades de millones de personas. Aunque lament\u00f3 no poder incorporar algunas propuestas, como la modificaci\u00f3n del modelo de inversi\u00f3n estatal, destac\u00f3 la creaci\u00f3n del seguro social como un paso importante.<\/p>\n<p>Marcel expres\u00f3 su convicci\u00f3n de que los cambios sustantivos realizados en el sistema previsional mejorar\u00e1n las pensiones y descart\u00f3 la posibilidad de &#8220;terminar con&#8221; el sistema actual. En lugar de eso, enfatiz\u00f3 la importancia de incentivar la formalidad laboral, lo cual es parte del proyecto de reforma.<\/p>\n<p>Tambi\u00e9n se refiri\u00f3 a la modificaci\u00f3n en la estructura de la industria previsional, precisando que el foco est\u00e1 en la licitaci\u00f3n de stock y la entrada de nuevos actores al sistema.<\/p>\n","protected":false},"excerpt":{"rendered":"<p>El ministro de Hacienda, Mario Marcel, ha expresado su satisfacci\u00f3n por la aprobaci\u00f3n un\u00e1nime del proyecto de reforma previsional en el Senado<\/p>\n","protected":false},"author":2,"featured_media":10494,"comment_status":"closed","ping_status":"open","sticky":false,"template":"","format":"standard","meta":{"_jetpack_memberships_contains_paid_content":false,"jnews-multi-image_gallery":[],"jnews_single_post":[],"jnews_primary_category":[],"jnews_social_meta":[],"jnews_paywall_metabox":[],"jnews_review":[],"enable_review":"","type":"","name":"","summary":"","brand":"","sku":"","good":[],"bad":[],"score_override":"","override_value":"","rating":[],"price":[],"jnews_override_counter":[],"jnews_post_split":[],"footnotes":""},"categories":[83],"tags":[],"class_list":["post-10495","post","type-post","status-publish","format-standard","has-post-thumbnail","hentry","category-politica"],"jetpack_featured_media_url":"https:\/\/laserenaradio.cl\/web\/wp-content\/uploads\/2025\/01\/homepiaiextractoscrapimg_webpMarcelprevisional_1.webp","jetpack_sharing_enabled":true,"_links":{"self":[{"href":"https:\/\/laserenaradio.cl\/web\/wp-json\/wp\/v2\/posts\/10495","targetHints":{"allow":["GET"]}}],"collection":[{"href":"https:\/\/laserenaradio.cl\/web\/wp-json\/wp\/v2\/posts"}],"about":[{"href":"https:\/\/laserenaradio.cl\/web\/wp-json\/wp\/v2\/types\/post"}],"author":[{"embeddable":true,"href":"https:\/\/laserenaradio.cl\/web\/wp-json\/wp\/v2\/users\/2"}],"replies":[{"embeddable":true,"href":"https:\/\/laserenaradio.cl\/web\/wp-json\/wp\/v2\/comments?post=10495"}],"version-history":[{"count":1,"href":"https:\/\/laserenaradio.cl\/web\/wp-json\/wp\/v2\/posts\/10495\/revisions"}],"predecessor-version":[{"id":10496,"href":"https:\/\/laserenaradio.cl\/web\/wp-json\/wp\/v2\/posts\/10495\/revisions\/10496"}],"wp:featuredmedia":[{"embeddable":true,"href":"https:\/\/laserenaradio.cl\/web\/wp-json\/wp\/v2\/media\/10494"}],"wp:attachment":[{"href":"https:\/\/laserenaradio.cl\/web\/wp-json\/wp\/v2\/media?parent=10495"}],"wp:term":[{"taxonomy":"category","embeddable":true,"href":"https:\/\/laserenaradio.cl\/web\/wp-json\/wp\/v2\/categories?post=10495"},{"taxonomy":"post_tag","embeddable":true,"href":"https:\/\/laserenaradio.cl\/web\/wp-json\/wp\/v2\/tags?post=10495"}],"curies":[{"name":"wp","href":"https:\/\/api.w.org\/{rel}","templated":true}]}}