{"id":10449,"date":"2025-01-15T11:15:26","date_gmt":"2025-01-15T14:15:26","guid":{"rendered":"https:\/\/laserenaradio.cl\/web\/?p=10449"},"modified":"2025-01-15T11:15:26","modified_gmt":"2025-01-15T14:15:26","slug":"marcel-destaca-necesidad-de-disciplina-fiscal-ante-criticas-por-recorte-al-ministerio-publico","status":"publish","type":"post","link":"https:\/\/laserenaradio.cl\/web\/2025\/01\/15\/marcel-destaca-necesidad-de-disciplina-fiscal-ante-criticas-por-recorte-al-ministerio-publico\/","title":{"rendered":"Marcel destaca necesidad de disciplina fiscal ante cr\u00edticas por recorte al Ministerio P\u00fablico"},"content":{"rendered":"<p><b>El ajuste presupuestario ha sido implementado por el gobierno para el Ministerio P\u00fablico, que reduce su presupuesto en $7 mil millones<\/b><!--more-->.<\/p>\n<p>Este recorte fue anunciado por el ministro de Hacienda, Mario Marcel, quien afirm\u00f3 que se trata de una medida necesaria para cumplir con un mandato legal.<\/p>\n<p>El fiscal nacional, \u00c1ngel Valencia, ha expresado su preocupaci\u00f3n por el impacto negativo de este recorte en la capacidad del Ministerio P\u00fablico para proteger a v\u00edctimas y testigos, realizar peritajes privados y comprar software para an\u00e1lisis inform\u00e1tico.<\/p>\n<p>La Corte Suprema tambi\u00e9n se ha sumado a los cuestionamientos, advirtiendo que la decisi\u00f3n tendr\u00e1 un fuerte impacto en el funcionamiento de los tribunales de justicia y puede generar problemas serios en la administraci\u00f3n de la justicia.<\/p>\n<p>El ministro de Hacienda respondi\u00f3 a las cr\u00edticas argumentando que el ajuste presupuestario es necesario para cumplir con la ley y que se han hecho excepciones para algunas instituciones. Afirm\u00f3 que el gobierno prioriza la lucha contra la delincuencia y ha asignado aumentos importantes de recursos para este prop\u00f3sito.<\/p>\n<p>El ministro de Hacienda argumenta que la medida es necesaria para cumplir con la ley y priorizar la lucha contra la delincuencia.<\/p>\n","protected":false},"excerpt":{"rendered":"<p>El ajuste presupuestario ha sido implementado por el gobierno para el Ministerio P\u00fablico, que reduce su presupuesto en $7 mil millones<\/p>\n","protected":false},"author":2,"featured_media":10448,"comment_status":"closed","ping_status":"open","sticky":false,"template":"","format":"standard","meta":{"_jetpack_memberships_contains_paid_content":false,"jnews-multi-image_gallery":[],"jnews_single_post":[],"jnews_primary_category":[],"jnews_social_meta":[],"jnews_paywall_metabox":[],"jnews_review":[],"enable_review":"","type":"","name":"","summary":"","brand":"","sku":"","good":[],"bad":[],"score_override":"","override_value":"","rating":[],"price":[],"jnews_override_counter":[],"jnews_post_split":[],"footnotes":""},"categories":[83],"tags":[],"class_list":["post-10449","post","type-post","status-publish","format-standard","has-post-thumbnail","hentry","category-politica"],"jetpack_featured_media_url":"https:\/\/laserenaradio.cl\/web\/wp-content\/uploads\/2025\/01\/homepiaiextractoscrapimg_webpMarcelMinisterio_1.webp","jetpack_sharing_enabled":true,"_links":{"self":[{"href":"https:\/\/laserenaradio.cl\/web\/wp-json\/wp\/v2\/posts\/10449","targetHints":{"allow":["GET"]}}],"collection":[{"href":"https:\/\/laserenaradio.cl\/web\/wp-json\/wp\/v2\/posts"}],"about":[{"href":"https:\/\/laserenaradio.cl\/web\/wp-json\/wp\/v2\/types\/post"}],"author":[{"embeddable":true,"href":"https:\/\/laserenaradio.cl\/web\/wp-json\/wp\/v2\/users\/2"}],"replies":[{"embeddable":true,"href":"https:\/\/laserenaradio.cl\/web\/wp-json\/wp\/v2\/comments?post=10449"}],"version-history":[{"count":1,"href":"https:\/\/laserenaradio.cl\/web\/wp-json\/wp\/v2\/posts\/10449\/revisions"}],"predecessor-version":[{"id":10450,"href":"https:\/\/laserenaradio.cl\/web\/wp-json\/wp\/v2\/posts\/10449\/revisions\/10450"}],"wp:featuredmedia":[{"embeddable":true,"href":"https:\/\/laserenaradio.cl\/web\/wp-json\/wp\/v2\/media\/10448"}],"wp:attachment":[{"href":"https:\/\/laserenaradio.cl\/web\/wp-json\/wp\/v2\/media?parent=10449"}],"wp:term":[{"taxonomy":"category","embeddable":true,"href":"https:\/\/laserenaradio.cl\/web\/wp-json\/wp\/v2\/categories?post=10449"},{"taxonomy":"post_tag","embeddable":true,"href":"https:\/\/laserenaradio.cl\/web\/wp-json\/wp\/v2\/tags?post=10449"}],"curies":[{"name":"wp","href":"https:\/\/api.w.org\/{rel}","templated":true}]}}