{"id":10443,"date":"2025-01-15T10:51:33","date_gmt":"2025-01-15T13:51:33","guid":{"rendered":"https:\/\/laserenaradio.cl\/web\/?p=10443"},"modified":"2025-01-15T10:51:33","modified_gmt":"2025-01-15T13:51:33","slug":"reforma-al-impuesto-a-la-renta-el-proyecto-de-ley-podria-ser-presentado-en-marzo","status":"publish","type":"post","link":"https:\/\/laserenaradio.cl\/web\/2025\/01\/15\/reforma-al-impuesto-a-la-renta-el-proyecto-de-ley-podria-ser-presentado-en-marzo\/","title":{"rendered":"Reforma al Impuesto a la Renta: el Proyecto de Ley podr\u00eda ser presentado en marzo"},"content":{"rendered":"<p><b>El gobierno est\u00e1 tratando de aprobar una reforma al impuesto a la renta, conocida como &#8220;reforma fiscal&#8221;, antes de que se termine el a\u00f1o legislativo<\/b><!--more-->.<\/p>\n<p>Sin embargo, esto parece complicado debido a varios factores:<\/p>\n<p>* La oposici\u00f3n a\u00fan no ha accedido a reunirse con el ministro de Hacienda para discutir la propuesta.<br \/>\n* El gobierno est\u00e1 centrando su atenci\u00f3n en la reforma de pensiones y puede postergar la presentaci\u00f3n del proyecto hasta marzo.<br \/>\n* Hay incertidumbre sobre cu\u00e1ndo terminar\u00e1 el a\u00f1o legislativo debido a las cr\u00edticas de la oposici\u00f3n hacia algunos proyectos del gobierno.<br \/>\n* La reforma fiscal busca recortar impuestos para algunas personas y empresas, pero aumentarlos para otras.<\/p>\n<p>El ministro de Hacienda ha confirmado que se buscar\u00e1 un efecto neutral en recaudaci\u00f3n.<\/p>\n<p>Algunos legisladores consultados creen que la presentaci\u00f3n del proyecto se postergar\u00e1 hasta marzo, ya que solo quedan dos semanas de trabajo legislativo antes del receso.<\/p>\n<p>La oposici\u00f3n tambi\u00e9n ha expresado su desacuerdo con aumentar impuestos a profesionales exitosos y ha cerrado la puerta a cualquier tipo de aumento de impuestos.<\/p>\n","protected":false},"excerpt":{"rendered":"<p>El gobierno est\u00e1 tratando de aprobar una reforma al impuesto a la renta, conocida como &#8220;reforma fiscal&#8221;, antes de que se termine el a\u00f1o legislativo<\/p>\n","protected":false},"author":2,"featured_media":10442,"comment_status":"closed","ping_status":"open","sticky":false,"template":"","format":"standard","meta":{"_jetpack_memberships_contains_paid_content":false,"jnews-multi-image_gallery":[],"jnews_single_post":[],"jnews_primary_category":[],"jnews_social_meta":[],"jnews_paywall_metabox":[],"jnews_review":[],"enable_review":"","type":"","name":"","summary":"","brand":"","sku":"","good":[],"bad":[],"score_override":"","override_value":"","rating":[],"price":[],"jnews_override_counter":[],"jnews_post_split":[],"footnotes":""},"categories":[83],"tags":[],"class_list":["post-10443","post","type-post","status-publish","format-standard","has-post-thumbnail","hentry","category-politica"],"jetpack_featured_media_url":"https:\/\/laserenaradio.cl\/web\/wp-content\/uploads\/2025\/01\/homepiaiextractoscrapimg_webpreformagobiernolegislativoproyecto_0.webp","jetpack_sharing_enabled":true,"_links":{"self":[{"href":"https:\/\/laserenaradio.cl\/web\/wp-json\/wp\/v2\/posts\/10443","targetHints":{"allow":["GET"]}}],"collection":[{"href":"https:\/\/laserenaradio.cl\/web\/wp-json\/wp\/v2\/posts"}],"about":[{"href":"https:\/\/laserenaradio.cl\/web\/wp-json\/wp\/v2\/types\/post"}],"author":[{"embeddable":true,"href":"https:\/\/laserenaradio.cl\/web\/wp-json\/wp\/v2\/users\/2"}],"replies":[{"embeddable":true,"href":"https:\/\/laserenaradio.cl\/web\/wp-json\/wp\/v2\/comments?post=10443"}],"version-history":[{"count":1,"href":"https:\/\/laserenaradio.cl\/web\/wp-json\/wp\/v2\/posts\/10443\/revisions"}],"predecessor-version":[{"id":10444,"href":"https:\/\/laserenaradio.cl\/web\/wp-json\/wp\/v2\/posts\/10443\/revisions\/10444"}],"wp:featuredmedia":[{"embeddable":true,"href":"https:\/\/laserenaradio.cl\/web\/wp-json\/wp\/v2\/media\/10442"}],"wp:attachment":[{"href":"https:\/\/laserenaradio.cl\/web\/wp-json\/wp\/v2\/media?parent=10443"}],"wp:term":[{"taxonomy":"category","embeddable":true,"href":"https:\/\/laserenaradio.cl\/web\/wp-json\/wp\/v2\/categories?post=10443"},{"taxonomy":"post_tag","embeddable":true,"href":"https:\/\/laserenaradio.cl\/web\/wp-json\/wp\/v2\/tags?post=10443"}],"curies":[{"name":"wp","href":"https:\/\/api.w.org\/{rel}","templated":true}]}}