{"id":10396,"date":"2025-01-14T14:46:47","date_gmt":"2025-01-14T17:46:47","guid":{"rendered":"https:\/\/laserenaradio.cl\/web\/?p=10396"},"modified":"2025-01-14T14:46:47","modified_gmt":"2025-01-14T17:46:47","slug":"presentan-reforma-constitucional-para-incluir-plebiscito-en-noviembre-sobre-el-futuro-de-las-afp","status":"publish","type":"post","link":"https:\/\/laserenaradio.cl\/web\/2025\/01\/14\/presentan-reforma-constitucional-para-incluir-plebiscito-en-noviembre-sobre-el-futuro-de-las-afp\/","title":{"rendered":"Presentan reforma constitucional para incluir plebiscito en noviembre sobre el futuro de las AFP"},"content":{"rendered":"<p><b>Un grupo de diputados oficialistas presentaron una reforma constitucional para incluir un plebiscito en las elecciones de noviembre para decidir si las Administradoras de Fondos Previsionales (AFP) seguir\u00e1n administrando los fondos previsionales<\/b><!--more-->.<\/p>\n<p>La propuesta busca que la ciudadan\u00eda vote sobre si quiere que las AFP contin\u00faen con su actual funci\u00f3n o si se deber\u00edan cambiar.<\/p>\n<p>Los diputados argumentan que las AFP no han sido \u00fatiles para garantizar el derecho a la seguridad social y que los afiliados no tienen suficiente control sobre sus fondos previsionales.<\/p>\n<p>Por lo tanto, proponen que la ciudadan\u00eda sea escuchada en forma vinculante a trav\u00e9s de un plebiscito.<\/p>\n<p>La ministra del Trabajo, Jeannete Jara, respondi\u00f3 que el gobierno est\u00e1 legislando una reforma de pensiones actualmente y que cualquier otra iniciativa ser\u00e1 considerada en otro momento.<\/p>\n<p>La subrogante vocera del gobierno tambi\u00e9n expres\u00f3 que no est\u00e1n pensando en un plebiscito en este momento.<\/p>\n<p>El presidente de RN y senador Rodrigo Galilea se manifest\u00f3 en contra de un plebiscito sobre el futuro de las aseguradoras, afirmando que &#8220;se juega lo que es la democracia representativa&#8221;.<\/p>\n","protected":false},"excerpt":{"rendered":"<p>Un grupo de diputados oficialistas presentaron una reforma constitucional para incluir un plebiscito en las elecciones de noviembre para decidir si las Administradoras de Fondos Previsionales (AFP) seguir\u00e1n administrando los fondos previsionales<\/p>\n","protected":false},"author":2,"featured_media":10395,"comment_status":"closed","ping_status":"open","sticky":false,"template":"","format":"standard","meta":{"_jetpack_memberships_contains_paid_content":false,"jnews-multi-image_gallery":[],"jnews_single_post":[],"jnews_primary_category":[],"jnews_social_meta":[],"jnews_paywall_metabox":[],"jnews_review":[],"enable_review":"","type":"","name":"","summary":"","brand":"","sku":"","good":[],"bad":[],"score_override":"","override_value":"","rating":[],"price":[],"jnews_override_counter":[],"jnews_post_split":[],"footnotes":""},"categories":[83],"tags":[],"class_list":["post-10396","post","type-post","status-publish","format-standard","has-post-thumbnail","hentry","category-politica"],"jetpack_featured_media_url":"https:\/\/laserenaradio.cl\/web\/wp-content\/uploads\/2025\/01\/homepiaiextractoscrapimg_webplasplebiscitosobrereforma_0.webp","jetpack_sharing_enabled":true,"_links":{"self":[{"href":"https:\/\/laserenaradio.cl\/web\/wp-json\/wp\/v2\/posts\/10396","targetHints":{"allow":["GET"]}}],"collection":[{"href":"https:\/\/laserenaradio.cl\/web\/wp-json\/wp\/v2\/posts"}],"about":[{"href":"https:\/\/laserenaradio.cl\/web\/wp-json\/wp\/v2\/types\/post"}],"author":[{"embeddable":true,"href":"https:\/\/laserenaradio.cl\/web\/wp-json\/wp\/v2\/users\/2"}],"replies":[{"embeddable":true,"href":"https:\/\/laserenaradio.cl\/web\/wp-json\/wp\/v2\/comments?post=10396"}],"version-history":[{"count":1,"href":"https:\/\/laserenaradio.cl\/web\/wp-json\/wp\/v2\/posts\/10396\/revisions"}],"predecessor-version":[{"id":10397,"href":"https:\/\/laserenaradio.cl\/web\/wp-json\/wp\/v2\/posts\/10396\/revisions\/10397"}],"wp:featuredmedia":[{"embeddable":true,"href":"https:\/\/laserenaradio.cl\/web\/wp-json\/wp\/v2\/media\/10395"}],"wp:attachment":[{"href":"https:\/\/laserenaradio.cl\/web\/wp-json\/wp\/v2\/media?parent=10396"}],"wp:term":[{"taxonomy":"category","embeddable":true,"href":"https:\/\/laserenaradio.cl\/web\/wp-json\/wp\/v2\/categories?post=10396"},{"taxonomy":"post_tag","embeddable":true,"href":"https:\/\/laserenaradio.cl\/web\/wp-json\/wp\/v2\/tags?post=10396"}],"curies":[{"name":"wp","href":"https:\/\/api.w.org\/{rel}","templated":true}]}}