{"id":10371,"date":"2025-01-13T20:59:22","date_gmt":"2025-01-13T23:59:22","guid":{"rendered":"https:\/\/laserenaradio.cl\/web\/?p=10371"},"modified":"2025-01-13T20:59:22","modified_gmt":"2025-01-13T23:59:22","slug":"la-diputada-maite-orsini-tiene-licencia-medica-hasta-el-16-de-enero","status":"publish","type":"post","link":"https:\/\/laserenaradio.cl\/web\/2025\/01\/13\/la-diputada-maite-orsini-tiene-licencia-medica-hasta-el-16-de-enero\/","title":{"rendered":"La diputada Maite Orsini tiene licencia m\u00e9dica hasta el 16 de enero."},"content":{"rendered":"<p><b>La diputada Maite Orsini present\u00f3 una nueva licencia m\u00e9dica ante el Congreso, su quinta desde 2022<\/b><!--more-->.<\/p>\n<p>Esto significar\u00e1 su ausencia hasta el 16 de enero del pr\u00f3ximo a\u00f1o.<\/p>\n<p>Ha estado ausente del trabajo congresal desde noviembre pasado debido a complicaciones m\u00e9dicas.<\/p>\n<p>La investigaci\u00f3n por violaci\u00f3n de su expareja, Jorge Valdivia, tambi\u00e9n est\u00e1 ocurriendo en este momento.<\/p>\n<p>En total, ha faltado a 98 sesiones del Congreso pero justific\u00f3 las 94 veces que lo hizo, con una asistencia general del 98,69%.<\/p>\n","protected":false},"excerpt":{"rendered":"<p>La diputada Maite Orsini present\u00f3 una nueva licencia m\u00e9dica ante el Congreso, su quinta desde 2022<\/p>\n","protected":false},"author":2,"featured_media":10370,"comment_status":"closed","ping_status":"open","sticky":false,"template":"","format":"standard","meta":{"_jetpack_memberships_contains_paid_content":false,"jnews-multi-image_gallery":[],"jnews_single_post":[],"jnews_primary_category":[],"jnews_social_meta":[],"jnews_paywall_metabox":[],"jnews_review":[],"enable_review":"","type":"","name":"","summary":"","brand":"","sku":"","good":[],"bad":[],"score_override":"","override_value":"","rating":[],"price":[],"jnews_override_counter":[],"jnews_post_split":[],"footnotes":""},"categories":[83],"tags":[],"class_list":["post-10371","post","type-post","status-publish","format-standard","has-post-thumbnail","hentry","category-politica"],"jetpack_featured_media_url":"https:\/\/laserenaradio.cl\/web\/wp-content\/uploads\/2025\/01\/homepiaiextractoscrapimg_webpCongresoMaiteOrsiniHaJorgeValdivia_2.webp","jetpack_sharing_enabled":true,"_links":{"self":[{"href":"https:\/\/laserenaradio.cl\/web\/wp-json\/wp\/v2\/posts\/10371","targetHints":{"allow":["GET"]}}],"collection":[{"href":"https:\/\/laserenaradio.cl\/web\/wp-json\/wp\/v2\/posts"}],"about":[{"href":"https:\/\/laserenaradio.cl\/web\/wp-json\/wp\/v2\/types\/post"}],"author":[{"embeddable":true,"href":"https:\/\/laserenaradio.cl\/web\/wp-json\/wp\/v2\/users\/2"}],"replies":[{"embeddable":true,"href":"https:\/\/laserenaradio.cl\/web\/wp-json\/wp\/v2\/comments?post=10371"}],"version-history":[{"count":1,"href":"https:\/\/laserenaradio.cl\/web\/wp-json\/wp\/v2\/posts\/10371\/revisions"}],"predecessor-version":[{"id":10372,"href":"https:\/\/laserenaradio.cl\/web\/wp-json\/wp\/v2\/posts\/10371\/revisions\/10372"}],"wp:featuredmedia":[{"embeddable":true,"href":"https:\/\/laserenaradio.cl\/web\/wp-json\/wp\/v2\/media\/10370"}],"wp:attachment":[{"href":"https:\/\/laserenaradio.cl\/web\/wp-json\/wp\/v2\/media?parent=10371"}],"wp:term":[{"taxonomy":"category","embeddable":true,"href":"https:\/\/laserenaradio.cl\/web\/wp-json\/wp\/v2\/categories?post=10371"},{"taxonomy":"post_tag","embeddable":true,"href":"https:\/\/laserenaradio.cl\/web\/wp-json\/wp\/v2\/tags?post=10371"}],"curies":[{"name":"wp","href":"https:\/\/api.w.org\/{rel}","templated":true}]}}